{"id":6675,"date":"2025-05-21T10:22:21","date_gmt":"2025-05-21T08:22:21","guid":{"rendered":"https:\/\/www.esnm-visja.si\/?p=6675"},"modified":"2025-05-23T13:09:07","modified_gmt":"2025-05-23T11:09:07","slug":"urban-kocevar","status":"publish","type":"post","link":"https:\/\/www.esnm-visja.si\/en\/2025\/05\/21\/urban-kocevar\/","title":{"rendered":"Urban Ko\u010devar"},"content":{"rendered":"<div data-elementor-type=\"wp-post\" data-elementor-id=\"6675\" class=\"elementor elementor-6675\" data-elementor-post-type=\"post\">\n\t\t\t\t\t\t<section class=\"elementor-section elementor-top-section elementor-element elementor-element-b853451 elementor-section-boxed elementor-section-height-default elementor-section-height-default\" data-id=\"b853451\" data-element_type=\"section\" data-e-type=\"section\">\n\t\t\t\t\t\t<div class=\"elementor-container elementor-column-gap-default\">\n\t\t\t\t\t<div class=\"elementor-column elementor-col-100 elementor-top-column elementor-element elementor-element-2ca2ecd\" data-id=\"2ca2ecd\" data-element_type=\"column\" data-e-type=\"column\">\n\t\t\t<div class=\"elementor-widget-wrap elementor-element-populated\">\n\t\t\t\t\t\t<div class=\"elementor-element elementor-element-59805d8 elementor-widget elementor-widget-text-editor\" data-id=\"59805d8\" data-element_type=\"widget\" data-e-type=\"widget\" data-widget_type=\"text-editor.default\">\n\t\t\t\t<div class=\"elementor-widget-container\">\n\t\t\t\t\t\t\t\t\t<h3><span lang=\"EN-AU\">Erasmus+ izku\u0161nja \u0161tudenta Urbana v portugalskem Faru<\/span><\/h3><p>Moje ime je Urban in \u010disto na za\u010detku leta 2025 sem se odpravil v mesto Faro na Portugalskem, kjer sem opravljal svoje prakti\u010dno delo. To potovanje mi je omogo\u010dil program Erasmus+, za kar sem izjemno hvale\u017een. Praksa mi je odprla \u0161tevilna vrata in raz\u0161irila obzorja na na\u010din, kot si vnaprej nisem znal predstavljati. Izku\u0161nja mi pomeni veliko \u2013 postal je del mene, ki ga bom nosil s seboj na vseh prihodnjih \u017eivljenjskih izzivih.<\/p><p>Delo sem opravljal pri podjetju <strong>Epopeia<\/strong>, ki deluje na podro\u010dju grafi\u010dnega oblikovanja, glasbe in zalo\u017eni\u0161tva. Sodelovanje z njihovim ustvarjalnim timom mi je predstavljalo pomembno odsko\u010dno desko za prihodnjo kariero. Pridobil sem nova znanja, nadgradil obstoje\u010de ve\u0161\u010dine ter za\u010del verjeti v lastno strokovno pot.<\/p><p>Poleg dela sem imel tudi prilo\u017enost spoznati kulturo in vsakdanjik \u017eivljenja na Portugalskem. Oku\u0161al sem lokalno hrano, obiskal \u010dudovite naravne in kulturne znamenitosti ter vzpostavil nova poznanstva. Portugalska me je navdu\u0161ila s svojo toplino in prijaznostjo \u2013 domoto\u017eje me ni niti enkrat zares zajelo.<\/p><p>Ta izku\u0161nja mi je dala ogromno: ve\u010d samostojnosti, samozavesti in prepri\u010danja v svoje znanje ter potencial. Erasmus+ mobilnost je pomemben del moje osebne in poklicne poti, ki jo bom z veseljem nosil naprej \u2013 tako skozi nadaljnje \u0161olanje kot v svojem poklicnem \u017eivljenju. \u010ce se mi \u0161e kdaj ponudi podobna prilo\u017enost, jo bom z veseljem sprejel.\u00a0<\/p><p>Vsem, ki razmi\u0161ljate o opravljanju prakse v tujini, pa sporo\u010dam: <strong>spla\u010da se!<\/strong><\/p><p><!--a=1--><\/p><!--a=1-->\t\t\t\t\t\t\t\t<\/div>\n\t\t\t\t<\/div>\n\t\t\t\t\t<\/div>\n\t\t<\/div>\n\t\t\t\t\t<\/div>\n\t\t<\/section>\n\t\t\t\t<section class=\"elementor-section elementor-top-section elementor-element elementor-element-05ad358 elementor-section-boxed elementor-section-height-default elementor-section-height-default\" data-id=\"05ad358\" data-element_type=\"section\" data-e-type=\"section\">\n\t\t\t\t\t\t<div class=\"elementor-container elementor-column-gap-default\">\n\t\t\t\t\t<div class=\"elementor-column elementor-col-100 elementor-top-column elementor-element elementor-element-55cf333\" data-id=\"55cf333\" data-element_type=\"column\" data-e-type=\"column\">\n\t\t\t<div class=\"elementor-widget-wrap elementor-element-populated\">\n\t\t\t\t\t\t<div class=\"elementor-element elementor-element-0a77d11 elementor-widget elementor-widget-gallery\" data-id=\"0a77d11\" data-element_type=\"widget\" data-e-type=\"widget\" data-settings=\"{&quot;columns&quot;:3,&quot;lazyload&quot;:&quot;yes&quot;,&quot;gallery_layout&quot;:&quot;grid&quot;,&quot;columns_tablet&quot;:2,&quot;columns_mobile&quot;:1,&quot;gap&quot;:{&quot;unit&quot;:&quot;px&quot;,&quot;size&quot;:10,&quot;sizes&quot;:[]},&quot;gap_tablet&quot;:{&quot;unit&quot;:&quot;px&quot;,&quot;size&quot;:10,&quot;sizes&quot;:[]},&quot;gap_mobile&quot;:{&quot;unit&quot;:&quot;px&quot;,&quot;size&quot;:10,&quot;sizes&quot;:[]},&quot;link_to&quot;:&quot;file&quot;,&quot;aspect_ratio&quot;:&quot;3:2&quot;,&quot;overlay_background&quot;:&quot;yes&quot;,&quot;content_hover_animation&quot;:&quot;fade-in&quot;}\" data-widget_type=\"gallery.default\">\n\t\t\t\t<div class=\"elementor-widget-container\">\n\t\t\t\t\t\t\t<div class=\"elementor-gallery__container\">\n\t\t\t\t\t\t\t<a class=\"e-gallery-item elementor-gallery-item elementor-animated-content\" href=\"https:\/\/www.esnm-visja.si\/wp-content\/uploads\/2025\/05\/IMG-20250210-WA0003.jpg\" data-elementor-open-lightbox=\"yes\" data-elementor-lightbox-slideshow=\"0a77d11\" data-elementor-lightbox-title=\"IMG-20250210-WA0003\" data-e-action-hash=\"#elementor-action%3Aaction%3Dlightbox%26settings%3DeyJpZCI6NjY3NywidXJsIjoiaHR0cHM6XC9cL3d3dy5lc25tLXZpc2phLnNpXC93cC1jb250ZW50XC91cGxvYWRzXC8yMDI1XC8wNVwvSU1HLTIwMjUwMjEwLVdBMDAwMy5qcGciLCJzbGlkZXNob3ciOiIwYTc3ZDExIn0%3D\">\n\t\t\t\t\t<div class=\"e-gallery-image elementor-gallery-item__image\" data-thumbnail=\"https:\/\/www.esnm-visja.si\/wp-content\/uploads\/2025\/05\/IMG-20250210-WA0003-768x1024.jpg\" data-width=\"768\" data-height=\"1024\" aria-label=\"\" role=\"img\" ><\/div>\n\t\t\t\t\t\t\t\t\t\t\t<div class=\"elementor-gallery-item__overlay\"><\/div>\n\t\t\t\t\t\t\t\t\t\t\t\t\t\t<\/a>\n\t\t\t\t\t\t\t<a class=\"e-gallery-item elementor-gallery-item elementor-animated-content\" href=\"https:\/\/www.esnm-visja.si\/wp-content\/uploads\/2025\/05\/Foto-2-Urban-1-scaled.jpg\" data-elementor-open-lightbox=\"yes\" data-elementor-lightbox-slideshow=\"0a77d11\" data-elementor-lightbox-title=\"Foto 2 Urban (1)\" data-e-action-hash=\"#elementor-action%3Aaction%3Dlightbox%26settings%3DeyJpZCI6NjY3OCwidXJsIjoiaHR0cHM6XC9cL3d3dy5lc25tLXZpc2phLnNpXC93cC1jb250ZW50XC91cGxvYWRzXC8yMDI1XC8wNVwvRm90by0yLVVyYmFuLTEtc2NhbGVkLmpwZyIsInNsaWRlc2hvdyI6IjBhNzdkMTEifQ%3D%3D\">\n\t\t\t\t\t<div class=\"e-gallery-image elementor-gallery-item__image\" data-thumbnail=\"https:\/\/www.esnm-visja.si\/wp-content\/uploads\/2025\/05\/Foto-2-Urban-1-1820x1024.jpg\" data-width=\"1200\" data-height=\"675\" aria-label=\"\" role=\"img\" ><\/div>\n\t\t\t\t\t\t\t\t\t\t\t<div class=\"elementor-gallery-item__overlay\"><\/div>\n\t\t\t\t\t\t\t\t\t\t\t\t\t\t<\/a>\n\t\t\t\t\t\t\t<a class=\"e-gallery-item elementor-gallery-item elementor-animated-content\" href=\"https:\/\/www.esnm-visja.si\/wp-content\/uploads\/2025\/05\/20250201_155926-scaled.jpg\" data-elementor-open-lightbox=\"yes\" data-elementor-lightbox-slideshow=\"0a77d11\" data-elementor-lightbox-title=\"20250201_155926\" data-e-action-hash=\"#elementor-action%3Aaction%3Dlightbox%26settings%3DeyJpZCI6NjY3OSwidXJsIjoiaHR0cHM6XC9cL3d3dy5lc25tLXZpc2phLnNpXC93cC1jb250ZW50XC91cGxvYWRzXC8yMDI1XC8wNVwvMjAyNTAyMDFfMTU1OTI2LXNjYWxlZC5qcGciLCJzbGlkZXNob3ciOiIwYTc3ZDExIn0%3D\">\n\t\t\t\t\t<div class=\"e-gallery-image elementor-gallery-item__image\" data-thumbnail=\"https:\/\/www.esnm-visja.si\/wp-content\/uploads\/2025\/05\/20250201_155926-768x1024.jpg\" data-width=\"768\" data-height=\"1024\" aria-label=\"\" role=\"img\" ><\/div>\n\t\t\t\t\t\t\t\t\t\t\t<div class=\"elementor-gallery-item__overlay\"><\/div>\n\t\t\t\t\t\t\t\t\t\t\t\t\t\t<\/a>\n\t\t\t\t\t<\/div>\n\t\t\t\t\t<\/div>\n\t\t\t\t<\/div>\n\t\t\t\t\t<\/div>\n\t\t<\/div>\n\t\t\t\t\t<\/div>\n\t\t<\/section>\n\t\t\t\t<\/div>","protected":false},"excerpt":{"rendered":"<p>Erasmus+ izku\u0161nja \u0161tudenta Urbana v portugalskem Faru Moje ime je Urban in \u010disto na za\u010detku leta 2025 sem se odpravil v mesto Faro na Portugalskem, kjer sem opravljal svoje prakti\u010dno delo. To potovanje mi je omogo\u010dil program Erasmus+, za kar sem izjemno hvale\u017een. Praksa mi je odprla \u0161tevilna vrata in raz\u0161irila obzorja na na\u010din, kot [&hellip;]<\/p>\n","protected":false},"author":4,"featured_media":6678,"comment_status":"closed","ping_status":"closed","sticky":false,"template":"","format":"standard","meta":{"site-sidebar-layout":"default","site-content-layout":"","ast-site-content-layout":"default","site-content-style":"default","site-sidebar-style":"default","ast-global-header-display":"","ast-banner-title-visibility":"","ast-main-header-display":"","ast-hfb-above-header-display":"","ast-hfb-below-header-display":"","ast-hfb-mobile-header-display":"","site-post-title":"","ast-breadcrumbs-content":"","ast-featured-img":"","footer-sml-layout":"","ast-disable-related-posts":"","theme-transparent-header-meta":"","adv-header-id-meta":"","stick-header-meta":"","header-above-stick-meta":"","header-main-stick-meta":"","header-below-stick-meta":"","astra-migrate-meta-layouts":"set","ast-page-background-enabled":"default","ast-page-background-meta":{"desktop":{"background-color":"","background-image":"","background-repeat":"repeat","background-position":"center center","background-size":"auto","background-attachment":"scroll","background-type":"","background-media":"","overlay-type":"","overlay-color":"","overlay-opacity":"","overlay-gradient":""},"tablet":{"background-color":"","background-image":"","background-repeat":"repeat","background-position":"center center","background-size":"auto","background-attachment":"scroll","background-type":"","background-media":"","overlay-type":"","overlay-color":"","overlay-opacity":"","overlay-gradient":""},"mobile":{"background-color":"","background-image":"","background-repeat":"repeat","background-position":"center center","background-size":"auto","background-attachment":"scroll","background-type":"","background-media":"","overlay-type":"","overlay-color":"","overlay-opacity":"","overlay-gradient":""}},"ast-content-background-meta":{"desktop":{"background-color":"var(--ast-global-color-5)","background-image":"","background-repeat":"repeat","background-position":"center center","background-size":"auto","background-attachment":"scroll","background-type":"","background-media":"","overlay-type":"","overlay-color":"","overlay-opacity":"","overlay-gradient":""},"tablet":{"background-color":"var(--ast-global-color-5)","background-image":"","background-repeat":"repeat","background-position":"center center","background-size":"auto","background-attachment":"scroll","background-type":"","background-media":"","overlay-type":"","overlay-color":"","overlay-opacity":"","overlay-gradient":""},"mobile":{"background-color":"var(--ast-global-color-5)","background-image":"","background-repeat":"repeat","background-position":"center center","background-size":"auto","background-attachment":"scroll","background-type":"","background-media":"","overlay-type":"","overlay-color":"","overlay-opacity":"","overlay-gradient":""}},"_jetpack_memberships_contains_paid_content":false,"footnotes":""},"categories":[21],"tags":[],"class_list":["post-6675","post","type-post","status-publish","format-standard","has-post-thumbnail","hentry","category-erasmus-studenti"],"jetpack_featured_media_url":"https:\/\/www.esnm-visja.si\/wp-content\/uploads\/2025\/05\/Foto-2-Urban-1-scaled.jpg","jetpack_sharing_enabled":true,"_links":{"self":[{"href":"https:\/\/www.esnm-visja.si\/en\/wp-json\/wp\/v2\/posts\/6675","targetHints":{"allow":["GET"]}}],"collection":[{"href":"https:\/\/www.esnm-visja.si\/en\/wp-json\/wp\/v2\/posts"}],"about":[{"href":"https:\/\/www.esnm-visja.si\/en\/wp-json\/wp\/v2\/types\/post"}],"author":[{"embeddable":true,"href":"https:\/\/www.esnm-visja.si\/en\/wp-json\/wp\/v2\/users\/4"}],"replies":[{"embeddable":true,"href":"https:\/\/www.esnm-visja.si\/en\/wp-json\/wp\/v2\/comments?post=6675"}],"version-history":[{"count":4,"href":"https:\/\/www.esnm-visja.si\/en\/wp-json\/wp\/v2\/posts\/6675\/revisions"}],"predecessor-version":[{"id":6682,"href":"https:\/\/www.esnm-visja.si\/en\/wp-json\/wp\/v2\/posts\/6675\/revisions\/6682"}],"wp:featuredmedia":[{"embeddable":true,"href":"https:\/\/www.esnm-visja.si\/en\/wp-json\/wp\/v2\/media\/6678"}],"wp:attachment":[{"href":"https:\/\/www.esnm-visja.si\/en\/wp-json\/wp\/v2\/media?parent=6675"}],"wp:term":[{"taxonomy":"category","embeddable":true,"href":"https:\/\/www.esnm-visja.si\/en\/wp-json\/wp\/v2\/categories?post=6675"},{"taxonomy":"post_tag","embeddable":true,"href":"https:\/\/www.esnm-visja.si\/en\/wp-json\/wp\/v2\/tags?post=6675"}],"curies":[{"name":"wp","href":"https:\/\/api.w.org\/{rel}","templated":true}]}}